{"id":2320,"date":"2020-06-22T00:00:00","date_gmt":"2020-06-22T00:00:00","guid":{"rendered":"https:\/\/www.bemyeyes.com\/business\/be-my-eyes-in-brasil-announcing-our-partnership-with-the-brazilian-paralympic-committee\/"},"modified":"2025-10-16T15:14:35","modified_gmt":"2025-10-16T15:14:35","slug":"be-my-eyes-in-brasil-announcing-our-partnership-with-the-brazilian-paralympic-committee","status":"publish","type":"post","link":"https:\/\/www.bemyeyes.com\/business\/news\/be-my-eyes-in-brasil-announcing-our-partnership-with-the-brazilian-paralympic-committee\/","title":{"rendered":"Be My Eyes In Brasil: Announcing Our Partnership with the Brazilian Paralympic Committee"},"content":{"rendered":"<p>Para informa\u00e7\u00f5es em portugu\u00eas, <a href=\"https:\/\/www.cpb.org.br\/noticia\/detalhe\/2954\/cpb-lanca-parceria-com-app-be-my-eyes-para-auxiliar-na-pratica-de-exercicios\">siga este link<\/a>.<\/p>\n<p>Social distancing and quarantine measures are still in place in many areas around the world, meaning we have to do our best to keep our minds and bodies active and healthy while we stay home. Some individuals have had to find ways to stay active by watching online workout videos, but not all of them are necessarily accessible for individuals with visual impairments.\u00a0<\/p>\n<p>Luckily, the Brazilian Paralympic Committee has taken the initiative to provide <a href=\"https:\/\/movimentoparalimpico.com.br\/\">weekly workout sessions<\/a> designed specifically with different disabilities in mind, with audio description for those designed for individuals with visual impairments. Whether you\u2019re a professional Paralympic athlete or someone still trying to touch your toes, these are helpful activities most individuals can do to stay active throughout the day.\u00a0<\/p>\n<figure class=\"w-richtext-align-fullwidth w-richtext-figure-type-image\" style=\"max-width: 1140pxpx;\">\n<div><img decoding=\"async\" data-src=\"https:\/\/env-bemyeyes-stg.kinsta.cloud\/wp-content\/wfcdnimg\/5ef08a376496d05da8495c92_CwP22oPUmcVWIr1fiJh2JtbTb2LEBqVEi0O6WCnwZmBfv-F3-6EENax-JUJTRNASeuQuCGiQbPyLY84XnqdEVaHpEkVn1Hn8K37-W6n7OKKspNPY79QnKE85ZXtpMMTsuGpHaLam.jpeg\" alt=\"\" src=\"data:image\/svg+xml;base64,PHN2ZyB3aWR0aD0iMSIgaGVpZ2h0PSIxIiB4bWxucz0iaHR0cDovL3d3dy53My5vcmcvMjAwMC9zdmciPjwvc3ZnPg==\" class=\"lazyload\" \/><\/div>\n<figcaption>A Brazilian Paralympian with a visual impairment competing around a track and field course accompanied by their guide. If accompanied by a guide, make sure to observe social distancing measures!<\/figcaption>\n<\/figure>\n<p>The next set of workout videos are coming soon, and we couldn\u2019t be more excited to be partnering with the committee to provide an entirely unique Specialized Help experience for Portuguese speakers around the world!<\/p>\n<p>From today, the Comit\u00ea Paral\u00edmpico Brasileiro will be available for Portuguese speaking users with visual impairments across most Portuguese speaking countries including Brasil, Portugal, Argentina, Uruguay, and Paraguay for assistance staying physically active from home. A Portuguese speaking personal trainer skilled in training individuals with disabilities is available from 9:00 AM to 5:00 PM GMT-3 every weekday to provide personalized training assistance.\u00a0<\/p>\n<p>\u201cThis is a fantastic example of how Be My Eyes can be used by corporate and nonprofit partners,\u201d said Will Butler, VP of Community at Be My Eyes. \u201cEveryone knows video coaching and remote exercise classes are the new normal \u2013 so why shouldn\u2019t this be accessible to people who are blind or have low vision, as well? We extend our heartfelt congratulations to the CPB for taking this big step and offering this service on such a broad scale.\u201d<\/p>\n<figure class=\"w-richtext-align-fullwidth w-richtext-figure-type-image\" style=\"max-width: 1400pxpx;\">\n<div><img decoding=\"async\" data-src=\"https:\/\/env-bemyeyes-stg.kinsta.cloud\/wp-content\/wfcdnimg\/5ef08a38a8e1907c16939f29_ofjBaxoPdqWfkbwhKLeGQROpZ7m-fqD-UPqAJ3dGMTxd-2Z5ezGrmPamRhudtITjG06lr2AEiVe5hvish5eaqyFqnTONieA-hHAW5MQrtgk3HQ5qbhlVq8PlLQqRk_W1FUakNXIt.jpeg\" alt=\"\" src=\"data:image\/svg+xml;base64,PHN2ZyB3aWR0aD0iMSIgaGVpZ2h0PSIxIiB4bWxucz0iaHR0cDovL3d3dy53My5vcmcvMjAwMC9zdmciPjwvc3ZnPg==\" class=\"lazyload\" \/><\/div>\n<figcaption>A Brazilian Paralympic football player with a visual impairment advancing down the field with a defender close on their trail.\u00a0<\/figcaption>\n<\/figure>\n<p><a href=\"https:\/\/movimentoparalimpico.com.br\/\">Click this link<\/a> to watch the Committee\u2019s workout videos or <a href=\"https:\/\/www.youtube.com\/user\/cpboficial\/videos\">visit their YouTube channel<\/a>. Please take your well being seriously in these difficult times, and reach out to the Brazilian Paralympic Committee directly through <a href=\"https:\/\/www.bemyeyes.com\/business\/\" target=\"_blank\" rel=\"noopener\">Be My Eyes<\/a> to help you do this.<\/p>\n<p>If you have other requests for companies or organizations to become part of our <a href=\"https:\/\/www.bemyeyes.com\/business\/bme-service-connect\/\" target=\"_blank\" rel=\"noopener\">visual interpretation solution<\/a>, please fill out our <a href=\"https:\/\/www.bemyeyes.com\/request\">Specialized Help submission form<\/a>, and we\u2019ll do our best to include them on the platform. As well, if your business or organization would like to join the platform, don\u2019t hesitate to reach out to us at <a href=\"mailto:solutions@bemyeyes.com\">community@bemyeyes.com<\/a> for more information.\u00a0<\/p>\n\n\n<figure class=\"wp-block-image\"><a href=\"https:\/\/cta-service-cms2.hubspot.com\/web-interactives\/public\/v1\/track\/redirect?encryptedPayload=AVxigLJawr2BDN4r0%2Fdm2MxmnM7O0HM7KoP16ngff9tJp%2FqJKD64h7%2FaHZZI2agNz%2BGKK6f9QOARRdkNj12frUPt4KIcK4czMVIqXEqoWxPF6BdR4yrSRzUvOCDN9sTuiIRMHNC76Oy%2BzWREFbh8uDNqG0pBqUiw5vNdCfIv6KJMSuPZgVOoUCCuPWi3PRv7StMTeUhjF1FnWSiSXVlAEg%3D%3D&amp;webInteractiveContentId=189631815785&amp;portalId=6577197\" target=\"_blank\" rel=\"noreferrer noopener\"><img decoding=\"async\" data-src=\"https:\/\/no-cache.hubspot.com\/cta\/default\/6577197\/interactive-189631815785.png\" alt=\"Download the FREE eBook\" src=\"data:image\/svg+xml;base64,PHN2ZyB3aWR0aD0iMSIgaGVpZ2h0PSIxIiB4bWxucz0iaHR0cDovL3d3dy53My5vcmcvMjAwMC9zdmciPjwvc3ZnPg==\" class=\"lazyload\" \/><\/a><\/figure>\n","protected":false},"excerpt":{"rendered":"<p>The Tokyo Paralympics may not be for another year \u2014 but thanks to our new partner, visually impaired users can stay active and healthy while you wait!<\/p>\n","protected":false},"author":3,"featured_media":1707,"comment_status":"open","ping_status":"closed","sticky":false,"template":"","format":"standard","meta":{"_acf_changed":false,"content-type":"","inline_featured_image":false,"footnotes":""},"categories":[6],"tags":[],"class_list":["post-2320","post","type-post","status-publish","format-standard","has-post-thumbnail","hentry","category-news"],"acf":[],"yoast_head":"<!-- This site is optimized with the Yoast SEO Premium plugin v26.6 (Yoast SEO v27.1.1) - https:\/\/yoast.com\/product\/yoast-seo-premium-wordpress\/ -->\n<title>Be My Eyes In Brasil: Announcing Our Partnership with the Brazilian Paralympic Committee - Be My Eyes for Business<\/title>\n<meta name=\"robots\" content=\"index, follow, max-snippet:-1, max-image-preview:large, max-video-preview:-1\" \/>\n<link rel=\"canonical\" href=\"https:\/\/www.bemyeyes.com\/business\/news\/be-my-eyes-in-brasil-announcing-our-partnership-with-the-brazilian-paralympic-committee\/\" \/>\n<meta property=\"og:locale\" content=\"en_US\" \/>\n<meta property=\"og:type\" content=\"article\" \/>\n<meta property=\"og:title\" content=\"Be My Eyes In Brasil: Announcing Our Partnership with the Brazilian Paralympic Committee\" \/>\n<meta property=\"og:description\" content=\"The Tokyo Paralympics may not be for another year \u2014 but thanks to our new partner, visually impaired users can stay active and healthy while you wait!\" \/>\n<meta property=\"og:url\" content=\"https:\/\/www.bemyeyes.com\/business\/news\/be-my-eyes-in-brasil-announcing-our-partnership-with-the-brazilian-paralympic-committee\/\" \/>\n<meta property=\"og:site_name\" content=\"Be My Eyes for Business\" \/>\n<meta property=\"article:publisher\" content=\"https:\/\/www.facebook.com\/bemyeyesapp\/?loc\" \/>\n<meta property=\"article:published_time\" content=\"2020-06-22T00:00:00+00:00\" \/>\n<meta property=\"article:modified_time\" content=\"2025-10-16T15:14:35+00:00\" \/>\n<meta property=\"og:image\" content=\"https:\/\/www.bemyeyes.com\/business\/wp-content\/uploads\/sites\/5\/2025\/03\/06-blog-image-v01.jpg\" \/>\n\t<meta property=\"og:image:width\" content=\"1140\" \/>\n\t<meta property=\"og:image:height\" content=\"760\" \/>\n\t<meta property=\"og:image:type\" content=\"image\/jpeg\" \/>\n<meta name=\"author\" content=\"bemyeyes editor\" \/>\n<meta name=\"twitter:card\" content=\"summary_large_image\" \/>\n<meta name=\"twitter:creator\" content=\"@BeMyEyes\" \/>\n<meta name=\"twitter:site\" content=\"@BeMyEyes\" \/>\n<meta name=\"twitter:label1\" content=\"Written by\" \/>\n\t<meta name=\"twitter:data1\" content=\"bemyeyes editor\" \/>\n\t<meta name=\"twitter:label2\" content=\"Est. reading time\" \/>\n\t<meta name=\"twitter:data2\" content=\"3 minutes\" \/>\n<script type=\"application\/ld+json\" class=\"yoast-schema-graph\">{\"@context\":\"https:\/\/schema.org\",\"@graph\":[{\"@type\":\"Article\",\"@id\":\"https:\/\/www.bemyeyes.com\/business\/news\/be-my-eyes-in-brasil-announcing-our-partnership-with-the-brazilian-paralympic-committee\/#article\",\"isPartOf\":{\"@id\":\"https:\/\/www.bemyeyes.com\/business\/news\/be-my-eyes-in-brasil-announcing-our-partnership-with-the-brazilian-paralympic-committee\/\"},\"author\":{\"name\":\"bemyeyes editor\",\"@id\":\"https:\/\/www.bemyeyes.com\/business\/#\/schema\/person\/ea99db1c960f2c2c1e1dc66b2940bc13\"},\"headline\":\"Be My Eyes In Brasil: Announcing Our Partnership with the Brazilian Paralympic Committee\",\"datePublished\":\"2020-06-22T00:00:00+00:00\",\"dateModified\":\"2025-10-16T15:14:35+00:00\",\"mainEntityOfPage\":{\"@id\":\"https:\/\/www.bemyeyes.com\/business\/news\/be-my-eyes-in-brasil-announcing-our-partnership-with-the-brazilian-paralympic-committee\/\"},\"wordCount\":481,\"commentCount\":0,\"image\":{\"@id\":\"https:\/\/www.bemyeyes.com\/business\/news\/be-my-eyes-in-brasil-announcing-our-partnership-with-the-brazilian-paralympic-committee\/#primaryimage\"},\"thumbnailUrl\":\"https:\/\/www.bemyeyes.com\/business\/wp-content\/uploads\/sites\/5\/2025\/03\/06-blog-image-v01.jpg\",\"articleSection\":[\"News\"],\"inLanguage\":\"en-US\",\"potentialAction\":[{\"@type\":\"CommentAction\",\"name\":\"Comment\",\"target\":[\"https:\/\/www.bemyeyes.com\/business\/news\/be-my-eyes-in-brasil-announcing-our-partnership-with-the-brazilian-paralympic-committee\/#respond\"]}]},{\"@type\":\"WebPage\",\"@id\":\"https:\/\/www.bemyeyes.com\/business\/news\/be-my-eyes-in-brasil-announcing-our-partnership-with-the-brazilian-paralympic-committee\/\",\"url\":\"https:\/\/www.bemyeyes.com\/business\/news\/be-my-eyes-in-brasil-announcing-our-partnership-with-the-brazilian-paralympic-committee\/\",\"name\":\"Be My Eyes In Brasil: Announcing Our Partnership with the Brazilian Paralympic Committee - Be My Eyes for Business\",\"isPartOf\":{\"@id\":\"https:\/\/www.bemyeyes.com\/business\/#website\"},\"primaryImageOfPage\":{\"@id\":\"https:\/\/www.bemyeyes.com\/business\/news\/be-my-eyes-in-brasil-announcing-our-partnership-with-the-brazilian-paralympic-committee\/#primaryimage\"},\"image\":{\"@id\":\"https:\/\/www.bemyeyes.com\/business\/news\/be-my-eyes-in-brasil-announcing-our-partnership-with-the-brazilian-paralympic-committee\/#primaryimage\"},\"thumbnailUrl\":\"https:\/\/www.bemyeyes.com\/business\/wp-content\/uploads\/sites\/5\/2025\/03\/06-blog-image-v01.jpg\",\"datePublished\":\"2020-06-22T00:00:00+00:00\",\"dateModified\":\"2025-10-16T15:14:35+00:00\",\"author\":{\"@id\":\"https:\/\/www.bemyeyes.com\/business\/#\/schema\/person\/ea99db1c960f2c2c1e1dc66b2940bc13\"},\"breadcrumb\":{\"@id\":\"https:\/\/www.bemyeyes.com\/business\/news\/be-my-eyes-in-brasil-announcing-our-partnership-with-the-brazilian-paralympic-committee\/#breadcrumb\"},\"inLanguage\":\"en-US\",\"potentialAction\":[{\"@type\":\"ReadAction\",\"target\":[\"https:\/\/www.bemyeyes.com\/business\/news\/be-my-eyes-in-brasil-announcing-our-partnership-with-the-brazilian-paralympic-committee\/\"]}]},{\"@type\":\"ImageObject\",\"inLanguage\":\"en-US\",\"@id\":\"https:\/\/www.bemyeyes.com\/business\/news\/be-my-eyes-in-brasil-announcing-our-partnership-with-the-brazilian-paralympic-committee\/#primaryimage\",\"url\":\"https:\/\/www.bemyeyes.com\/business\/wp-content\/uploads\/sites\/5\/2025\/03\/06-blog-image-v01.jpg\",\"contentUrl\":\"https:\/\/www.bemyeyes.com\/business\/wp-content\/uploads\/sites\/5\/2025\/03\/06-blog-image-v01.jpg\",\"width\":1140,\"height\":760,\"caption\":\"The logo of the Brazilian Paralympic Committee featuring \\\"Comit\u00ea Paral\u00edmpico Brasileiro\\\" is set against a dark blue background, now accessible on Be My Eyes.\"},{\"@type\":\"BreadcrumbList\",\"@id\":\"https:\/\/www.bemyeyes.com\/business\/news\/be-my-eyes-in-brasil-announcing-our-partnership-with-the-brazilian-paralympic-committee\/#breadcrumb\",\"itemListElement\":[{\"@type\":\"ListItem\",\"position\":1,\"name\":\"Home\",\"item\":\"https:\/\/www.bemyeyes.com\/business\/\"},{\"@type\":\"ListItem\",\"position\":2,\"name\":\"Be My Eyes In Brasil: Announcing Our Partnership with the Brazilian Paralympic Committee\"}]},{\"@type\":\"WebSite\",\"@id\":\"https:\/\/www.bemyeyes.com\/business\/#website\",\"url\":\"https:\/\/www.bemyeyes.com\/business\/\",\"name\":\"Be My Eyes for Business\",\"description\":\"Making good business accessible\",\"potentialAction\":[{\"@type\":\"SearchAction\",\"target\":{\"@type\":\"EntryPoint\",\"urlTemplate\":\"https:\/\/www.bemyeyes.com\/business\/?s={search_term_string}\"},\"query-input\":{\"@type\":\"PropertyValueSpecification\",\"valueRequired\":true,\"valueName\":\"search_term_string\"}}],\"inLanguage\":\"en-US\"},{\"@type\":\"Person\",\"@id\":\"https:\/\/www.bemyeyes.com\/business\/#\/schema\/person\/ea99db1c960f2c2c1e1dc66b2940bc13\",\"name\":\"bemyeyes editor\",\"image\":{\"@type\":\"ImageObject\",\"inLanguage\":\"en-US\",\"@id\":\"https:\/\/www.bemyeyes.com\/business\/#\/schema\/person\/image\/\",\"url\":\"https:\/\/secure.gravatar.com\/avatar\/?s=96&d=mm&r=g\",\"contentUrl\":\"https:\/\/secure.gravatar.com\/avatar\/?s=96&d=mm&r=g\",\"caption\":\"bemyeyes editor\"},\"url\":\"https:\/\/www.bemyeyes.com\/business\/author\/bemyeyes-editor\/\"}]}<\/script>\n<!-- \/ Yoast SEO Premium plugin. -->","yoast_head_json":{"title":"Be My Eyes In Brasil: Announcing Our Partnership with the Brazilian Paralympic Committee - Be My Eyes for Business","robots":{"index":"index","follow":"follow","max-snippet":"max-snippet:-1","max-image-preview":"max-image-preview:large","max-video-preview":"max-video-preview:-1"},"canonical":"https:\/\/www.bemyeyes.com\/business\/news\/be-my-eyes-in-brasil-announcing-our-partnership-with-the-brazilian-paralympic-committee\/","og_locale":"en_US","og_type":"article","og_title":"Be My Eyes In Brasil: Announcing Our Partnership with the Brazilian Paralympic Committee","og_description":"The Tokyo Paralympics may not be for another year \u2014 but thanks to our new partner, visually impaired users can stay active and healthy while you wait!","og_url":"https:\/\/www.bemyeyes.com\/business\/news\/be-my-eyes-in-brasil-announcing-our-partnership-with-the-brazilian-paralympic-committee\/","og_site_name":"Be My Eyes for Business","article_publisher":"https:\/\/www.facebook.com\/bemyeyesapp\/?loc","article_published_time":"2020-06-22T00:00:00+00:00","article_modified_time":"2025-10-16T15:14:35+00:00","og_image":[{"width":1140,"height":760,"url":"https:\/\/www.bemyeyes.com\/business\/wp-content\/uploads\/sites\/5\/2025\/03\/06-blog-image-v01.jpg","type":"image\/jpeg"}],"author":"bemyeyes editor","twitter_card":"summary_large_image","twitter_creator":"@BeMyEyes","twitter_site":"@BeMyEyes","twitter_misc":{"Written by":"bemyeyes editor","Est. reading time":"3 minutes"},"schema":{"@context":"https:\/\/schema.org","@graph":[{"@type":"Article","@id":"https:\/\/www.bemyeyes.com\/business\/news\/be-my-eyes-in-brasil-announcing-our-partnership-with-the-brazilian-paralympic-committee\/#article","isPartOf":{"@id":"https:\/\/www.bemyeyes.com\/business\/news\/be-my-eyes-in-brasil-announcing-our-partnership-with-the-brazilian-paralympic-committee\/"},"author":{"name":"bemyeyes editor","@id":"https:\/\/www.bemyeyes.com\/business\/#\/schema\/person\/ea99db1c960f2c2c1e1dc66b2940bc13"},"headline":"Be My Eyes In Brasil: Announcing Our Partnership with the Brazilian Paralympic Committee","datePublished":"2020-06-22T00:00:00+00:00","dateModified":"2025-10-16T15:14:35+00:00","mainEntityOfPage":{"@id":"https:\/\/www.bemyeyes.com\/business\/news\/be-my-eyes-in-brasil-announcing-our-partnership-with-the-brazilian-paralympic-committee\/"},"wordCount":481,"commentCount":0,"image":{"@id":"https:\/\/www.bemyeyes.com\/business\/news\/be-my-eyes-in-brasil-announcing-our-partnership-with-the-brazilian-paralympic-committee\/#primaryimage"},"thumbnailUrl":"https:\/\/www.bemyeyes.com\/business\/wp-content\/uploads\/sites\/5\/2025\/03\/06-blog-image-v01.jpg","articleSection":["News"],"inLanguage":"en-US","potentialAction":[{"@type":"CommentAction","name":"Comment","target":["https:\/\/www.bemyeyes.com\/business\/news\/be-my-eyes-in-brasil-announcing-our-partnership-with-the-brazilian-paralympic-committee\/#respond"]}]},{"@type":"WebPage","@id":"https:\/\/www.bemyeyes.com\/business\/news\/be-my-eyes-in-brasil-announcing-our-partnership-with-the-brazilian-paralympic-committee\/","url":"https:\/\/www.bemyeyes.com\/business\/news\/be-my-eyes-in-brasil-announcing-our-partnership-with-the-brazilian-paralympic-committee\/","name":"Be My Eyes In Brasil: Announcing Our Partnership with the Brazilian Paralympic Committee - Be My Eyes for Business","isPartOf":{"@id":"https:\/\/www.bemyeyes.com\/business\/#website"},"primaryImageOfPage":{"@id":"https:\/\/www.bemyeyes.com\/business\/news\/be-my-eyes-in-brasil-announcing-our-partnership-with-the-brazilian-paralympic-committee\/#primaryimage"},"image":{"@id":"https:\/\/www.bemyeyes.com\/business\/news\/be-my-eyes-in-brasil-announcing-our-partnership-with-the-brazilian-paralympic-committee\/#primaryimage"},"thumbnailUrl":"https:\/\/www.bemyeyes.com\/business\/wp-content\/uploads\/sites\/5\/2025\/03\/06-blog-image-v01.jpg","datePublished":"2020-06-22T00:00:00+00:00","dateModified":"2025-10-16T15:14:35+00:00","author":{"@id":"https:\/\/www.bemyeyes.com\/business\/#\/schema\/person\/ea99db1c960f2c2c1e1dc66b2940bc13"},"breadcrumb":{"@id":"https:\/\/www.bemyeyes.com\/business\/news\/be-my-eyes-in-brasil-announcing-our-partnership-with-the-brazilian-paralympic-committee\/#breadcrumb"},"inLanguage":"en-US","potentialAction":[{"@type":"ReadAction","target":["https:\/\/www.bemyeyes.com\/business\/news\/be-my-eyes-in-brasil-announcing-our-partnership-with-the-brazilian-paralympic-committee\/"]}]},{"@type":"ImageObject","inLanguage":"en-US","@id":"https:\/\/www.bemyeyes.com\/business\/news\/be-my-eyes-in-brasil-announcing-our-partnership-with-the-brazilian-paralympic-committee\/#primaryimage","url":"https:\/\/www.bemyeyes.com\/business\/wp-content\/uploads\/sites\/5\/2025\/03\/06-blog-image-v01.jpg","contentUrl":"https:\/\/www.bemyeyes.com\/business\/wp-content\/uploads\/sites\/5\/2025\/03\/06-blog-image-v01.jpg","width":1140,"height":760,"caption":"The logo of the Brazilian Paralympic Committee featuring \"Comit\u00ea Paral\u00edmpico Brasileiro\" is set against a dark blue background, now accessible on Be My Eyes."},{"@type":"BreadcrumbList","@id":"https:\/\/www.bemyeyes.com\/business\/news\/be-my-eyes-in-brasil-announcing-our-partnership-with-the-brazilian-paralympic-committee\/#breadcrumb","itemListElement":[{"@type":"ListItem","position":1,"name":"Home","item":"https:\/\/www.bemyeyes.com\/business\/"},{"@type":"ListItem","position":2,"name":"Be My Eyes In Brasil: Announcing Our Partnership with the Brazilian Paralympic Committee"}]},{"@type":"WebSite","@id":"https:\/\/www.bemyeyes.com\/business\/#website","url":"https:\/\/www.bemyeyes.com\/business\/","name":"Be My Eyes for Business","description":"Making good business accessible","potentialAction":[{"@type":"SearchAction","target":{"@type":"EntryPoint","urlTemplate":"https:\/\/www.bemyeyes.com\/business\/?s={search_term_string}"},"query-input":{"@type":"PropertyValueSpecification","valueRequired":true,"valueName":"search_term_string"}}],"inLanguage":"en-US"},{"@type":"Person","@id":"https:\/\/www.bemyeyes.com\/business\/#\/schema\/person\/ea99db1c960f2c2c1e1dc66b2940bc13","name":"bemyeyes editor","image":{"@type":"ImageObject","inLanguage":"en-US","@id":"https:\/\/www.bemyeyes.com\/business\/#\/schema\/person\/image\/","url":"https:\/\/secure.gravatar.com\/avatar\/?s=96&d=mm&r=g","contentUrl":"https:\/\/secure.gravatar.com\/avatar\/?s=96&d=mm&r=g","caption":"bemyeyes editor"},"url":"https:\/\/www.bemyeyes.com\/business\/author\/bemyeyes-editor\/"}]}},"_links":{"self":[{"href":"https:\/\/www.bemyeyes.com\/business\/wp-json\/wp\/v2\/posts\/2320","targetHints":{"allow":["GET"]}}],"collection":[{"href":"https:\/\/www.bemyeyes.com\/business\/wp-json\/wp\/v2\/posts"}],"about":[{"href":"https:\/\/www.bemyeyes.com\/business\/wp-json\/wp\/v2\/types\/post"}],"author":[{"embeddable":true,"href":"https:\/\/www.bemyeyes.com\/business\/wp-json\/wp\/v2\/users\/3"}],"replies":[{"embeddable":true,"href":"https:\/\/www.bemyeyes.com\/business\/wp-json\/wp\/v2\/comments?post=2320"}],"version-history":[{"count":0,"href":"https:\/\/www.bemyeyes.com\/business\/wp-json\/wp\/v2\/posts\/2320\/revisions"}],"wp:featuredmedia":[{"embeddable":true,"href":"https:\/\/www.bemyeyes.com\/business\/wp-json\/wp\/v2\/media\/1707"}],"wp:attachment":[{"href":"https:\/\/www.bemyeyes.com\/business\/wp-json\/wp\/v2\/media?parent=2320"}],"wp:term":[{"taxonomy":"category","embeddable":true,"href":"https:\/\/www.bemyeyes.com\/business\/wp-json\/wp\/v2\/categories?post=2320"},{"taxonomy":"post_tag","embeddable":true,"href":"https:\/\/www.bemyeyes.com\/business\/wp-json\/wp\/v2\/tags?post=2320"}],"curies":[{"name":"wp","href":"https:\/\/api.w.org\/{rel}","templated":true}]}}